{"id":732,"date":"2016-08-04T23:36:30","date_gmt":"2016-08-04T21:36:30","guid":{"rendered":"https:\/\/www.casabaluard.com\/?p=732"},"modified":"2016-08-07T18:26:22","modified_gmt":"2016-08-07T16:26:22","slug":"territori-es-herencia","status":"publish","type":"post","link":"https:\/\/www.casabaluard.com\/es\/territori-es-herencia\/","title":{"rendered":"Territorio es herencia"},"content":{"rendered":"<p><\/p>\n<h2><span style=\"font-size: 14px;\">El territorio en sesenta a\u00f1os, el paisaje cerca Ferreres ha cambiado muy poco, los cobertizos y poco m\u00e1s.<\/span><\/h2>\n<p>Ferreres es ahora tal como era antes. S\u00f3lo con los retoques imprescindibles que la modernizan sin perder el aroma rural y agrario.<\/p>\n<p>A primera vista lo que destaca es el color de la imagen y su calidad. Es dif\u00edcil de ver, pero hace sesenta a\u00f1os no hab\u00eda ning\u00fan otro edificio.\u00a0A parte de la propia casa y la peque\u00f1a capilla que queda a la izquierda. Actualmente\u00a0a la izquierda y a la derecha hay diferentes cobertizos. Sirven para tener los animales: terneros, ovejas y corderos.<\/p>\n<p>Los campos de delante de la casa mantienen en el conjunto su forma perimetral. Han pasado de ser peque\u00f1as parcelas a ser mucho mayores. El tama\u00f1o ha evolucionado de forma paralela teniendo en cuenta el tama\u00f1o de las m\u00e1quinas.<\/p>\n<p>El bosque tambi\u00e9n ha cambiado, hace sesenta a\u00f1os no hab\u00eda tanta vegetaci\u00f3n forestal. Los caminos para llegar a la casa se pod\u00edan percibir mejor.<\/p>\n<p>Actualmente se ve el color azul de la piscina. La evoluci\u00f3n de la actividad econ\u00f3mica se ha convertido en ofrecer producto tur\u00edstico optimizando en lo posible los servicios. A pesar de mantener la esencia del sector primario. Nuestro trabajo tiene como objetivo hacer prevalecer la sostenibilidad de la finca.<\/p>\n<p>Mantenemos el equilibrio entre la autenticidad y la modernidad. Buscamos en nuestros establecimientos de agroturismo que las personas que se alojen puedan conocer de primera mano el trabajo con los animales de granja.<\/p>\n<p>Ofrecemos unos establecimientos donde predomina el confort y la calidez para sentirse como en casa. La estancia debe ser un conjunto de experiencias. Se podr\u00e1 ver la evoluci\u00f3n hist\u00f3rica del territorio catal\u00e1n y en concreto de Ferreres. El paso del tiempo no borrar\u00e1 la esencia del territorio.<\/p>\n<p>Agradezco a Joan por haberme facilitado el enlace de Beta Portal ICGC. <a href=\"http:\/\/betaportal.icgc.cat\/ortoview\/?lon=1.88179&amp;lat=42.05711&amp;zoom=16&amp;num=2&amp;mt0=ovab5m&amp;mt1=orto5m&amp;mt2=orto5m2003\" target=\"_blank\">Evoluci\u00f3n hist\u00f3rica<\/a> del territorio catal\u00e1n.<\/p>","protected":false},"excerpt":{"rendered":"<p>\nEl territorio en sesenta a\u00f1os, el paisaje cerca Ferreres ha cambiado muy poco, los cobertizos y poco m\u00e1s.<br \/>\nFerreres es ahora tal como era antes. S\u00f3lo con los retoques imprescindibles que la modernizan sin perder el aroma rural y agrario.<br \/>\nA primera vista lo que destaca es el color de la imagen y su calidad. Es dif\u00edcil de ver, pero hace sesenta a\u00f1os no hab\u00eda ning\u00fan otro edificio.\u00a0A parte de la propia casa y la peque\u00f1a capilla que queda &#8230;<\/p>\n","protected":false},"author":4,"featured_media":733,"comment_status":"open","ping_status":"open","sticky":false,"template":"","format":"standard","meta":{"ngg_post_thumbnail":0},"categories":[1],"tags":[27,55,54,44],"yoast_head":"<!-- This site is optimized with the Yoast SEO plugin v15.7 - https:\/\/yoast.com\/wordpress\/plugins\/seo\/ -->\n<meta name=\"description\" content=\"El territori catal\u00e0 preval davant del turisme sostenible, el pas del temps mant\u00e9 l&#039;ess\u00e8ncia del territori, l&#039;agroturisme contribueix en mantenir la zona.\" \/>\n<meta name=\"robots\" content=\"index, follow, max-snippet:-1, max-image-preview:large, max-video-preview:-1\" \/>\n<link rel=\"canonical\" href=\"https:\/\/www.casabaluard.com\/territori-es-herencia\/\" \/>\n<meta property=\"og:locale\" content=\"es_ES\" \/>\n<meta property=\"og:type\" content=\"article\" \/>\n<meta property=\"og:title\" content=\"Territorio es herencia - Casa Rural - Casa Baluard\" \/>\n<meta property=\"og:description\" content=\"El territori catal\u00e0 preval davant del turisme sostenible, el pas del temps mant\u00e9 l&#039;ess\u00e8ncia del territori, l&#039;agroturisme contribueix en mantenir la zona.\" \/>\n<meta property=\"og:url\" content=\"https:\/\/www.casabaluard.com\/territori-es-herencia\/\" \/>\n<meta property=\"og:site_name\" content=\"Casa Rural - Casa Baluard\" \/>\n<meta property=\"article:published_time\" content=\"2016-08-04T21:36:30+00:00\" \/>\n<meta property=\"article:modified_time\" content=\"2016-08-07T16:26:22+00:00\" \/>\n<meta property=\"og:image\" content=\"https:\/\/www.casabaluard.com\/wp-content\/uploads\/Temps-casa-bergued\u00e0.jpg\" \/>\n\t<meta property=\"og:image:width\" content=\"1252\" \/>\n\t<meta property=\"og:image:height\" content=\"698\" \/>\n<meta name=\"twitter:card\" content=\"summary\" \/>\n<meta name=\"twitter:label1\" content=\"Tiempo de lectura\">\n\t<meta name=\"twitter:data1\" content=\"5 minutos\">\n<script type=\"application\/ld+json\" class=\"yoast-schema-graph\">{\"@context\":\"https:\/\/schema.org\",\"@graph\":[{\"@type\":\"WebSite\",\"@id\":\"https:\/\/www.casabaluard.com\/en\/#website\",\"url\":\"https:\/\/www.casabaluard.com\/en\/\",\"name\":\"Casa Rural - Casa Baluard\",\"description\":\"Casa de Turisme Rural al Bergued\\u00e0\",\"potentialAction\":[{\"@type\":\"SearchAction\",\"target\":\"https:\/\/www.casabaluard.com\/en\/?s={search_term_string}\",\"query-input\":\"required name=search_term_string\"}],\"inLanguage\":\"es\"},{\"@type\":\"ImageObject\",\"@id\":\"https:\/\/www.casabaluard.com\/territori-es-herencia\/#primaryimage\",\"inLanguage\":\"es\",\"url\":\"https:\/\/www.casabaluard.com\/wp-content\/uploads\/Temps-casa-bergued\\u00e0.jpg\",\"width\":1252,\"height\":698,\"caption\":\"Temps-casa-rural-bergued\\u00e0-territori\"},{\"@type\":\"WebPage\",\"@id\":\"https:\/\/www.casabaluard.com\/territori-es-herencia\/#webpage\",\"url\":\"https:\/\/www.casabaluard.com\/territori-es-herencia\/\",\"name\":\"Territorio es herencia - Casa Rural - Casa Baluard\",\"isPartOf\":{\"@id\":\"https:\/\/www.casabaluard.com\/en\/#website\"},\"primaryImageOfPage\":{\"@id\":\"https:\/\/www.casabaluard.com\/territori-es-herencia\/#primaryimage\"},\"datePublished\":\"2016-08-04T21:36:30+00:00\",\"dateModified\":\"2016-08-07T16:26:22+00:00\",\"author\":{\"@id\":\"https:\/\/www.casabaluard.com\/en\/#\/schema\/person\/05aa10790abc4a1eca9239e65cfa8df1\"},\"description\":\"El territori catal\\u00e0 preval davant del turisme sostenible, el pas del temps mant\\u00e9 l'ess\\u00e8ncia del territori, l'agroturisme contribueix en mantenir la zona.\",\"inLanguage\":\"es\",\"potentialAction\":[{\"@type\":\"ReadAction\",\"target\":[\"https:\/\/www.casabaluard.com\/territori-es-herencia\/\"]}]},{\"@type\":\"Person\",\"@id\":\"https:\/\/www.casabaluard.com\/en\/#\/schema\/person\/05aa10790abc4a1eca9239e65cfa8df1\",\"name\":\"M\\u00aa \\u00c0ngels\",\"image\":{\"@type\":\"ImageObject\",\"@id\":\"https:\/\/www.casabaluard.com\/en\/#personlogo\",\"inLanguage\":\"es\",\"url\":\"https:\/\/secure.gravatar.com\/avatar\/4cdf057cf6dd14a57d9a4bf064d65cc2?s=96&d=mm&r=g\",\"caption\":\"M\\u00aa \\u00c0ngels\"}}]}<\/script>\n<!-- \/ Yoast SEO plugin. -->","_links":{"self":[{"href":"https:\/\/www.casabaluard.com\/es\/wp-json\/wp\/v2\/posts\/732"}],"collection":[{"href":"https:\/\/www.casabaluard.com\/es\/wp-json\/wp\/v2\/posts"}],"about":[{"href":"https:\/\/www.casabaluard.com\/es\/wp-json\/wp\/v2\/types\/post"}],"author":[{"embeddable":true,"href":"https:\/\/www.casabaluard.com\/es\/wp-json\/wp\/v2\/users\/4"}],"replies":[{"embeddable":true,"href":"https:\/\/www.casabaluard.com\/es\/wp-json\/wp\/v2\/comments?post=732"}],"version-history":[{"count":10,"href":"https:\/\/www.casabaluard.com\/es\/wp-json\/wp\/v2\/posts\/732\/revisions"}],"predecessor-version":[{"id":744,"href":"https:\/\/www.casabaluard.com\/es\/wp-json\/wp\/v2\/posts\/732\/revisions\/744"}],"wp:featuredmedia":[{"embeddable":true,"href":"https:\/\/www.casabaluard.com\/es\/wp-json\/wp\/v2\/media\/733"}],"wp:attachment":[{"href":"https:\/\/www.casabaluard.com\/es\/wp-json\/wp\/v2\/media?parent=732"}],"wp:term":[{"taxonomy":"category","embeddable":true,"href":"https:\/\/www.casabaluard.com\/es\/wp-json\/wp\/v2\/categories?post=732"},{"taxonomy":"post_tag","embeddable":true,"href":"https:\/\/www.casabaluard.com\/es\/wp-json\/wp\/v2\/tags?post=732"}],"curies":[{"name":"wp","href":"https:\/\/api.w.org\/{rel}","templated":true}]}}