{"id":648,"date":"2021-07-01T23:57:29","date_gmt":"2021-07-01T21:57:29","guid":{"rendered":"https:\/\/www.casabaluard.com\/?p=648"},"modified":"2021-07-04T16:20:39","modified_gmt":"2021-07-04T14:20:39","slug":"temps-de-collita","status":"publish","type":"post","link":"https:\/\/www.casabaluard.com\/en\/temps-de-collita\/","title":{"rendered":"Harvest time"},"content":{"rendered":"<p><span title=\"Ja ha arribat!, \u00e9s el moment de poder gaudir i obtenir el fruit que s'ha treballat durant quasi b\u00e9 un any. \">Has arrived !, it&#8217;s time to enjoy and get the fruit that has worked for almost a year.<\/span><\/p>\n<p><span title=\"\u00c9s bonic poder veure els camps com van agafant el color daurat, indica que ja s'est\u00e0 acabant la maduraci\u00f3 del cereal per poder ser segat i fer l'\u00fas que es cregui oport\u00fa segons la varietat de llavor que s'hagi considerat sembrar. \">It&#8217;s nice to see how the fields picking the golden color indicates that it is running the maturation of the crop to be harvested and to make the use sees fit depending on the variety of seed that has been sown considered.<\/span><\/p>\n<p><span title=\"Quan parlem de la llavor de cereal fem refer\u00e8ncia per exemple, el blat o l'ordi, dos cereals que tenen una gran similitud per\u00f2 a l'hora s\u00f3n molt diferents, tal i com es pot apreciar en la foto principal on hi ha el blat\">When we speak of cereal seed we refer, for example, wheat or barley cereals have two very similar but are very different at the time, as you can see in the picture where the main wheat <\/span><span title=\"que est\u00e0 a m\u00e0 esquerra i l'ordi a m\u00e0 dreta. \">which is barley left and right.<\/span><\/p>\n<p><span title=\"El blat t\u00e9 com a tret caracter\u00edstic que els grans presenten forma ovalada amb els seus extrems arrodonits, un dels seus usos \u00e9s per l'elaboraci\u00f3 del pa.\">Wheat is a characteristic feature that large oval with rounded ends, one of its uses is the preparation of bread. <\/span><span title=\"El gra de l'ordi \u00e9s de forma afusada, m\u00e9s gruixuda en el centre i va aprimant-se cap als extrems, un dels seus usos \u00e9s per l'elaboraci\u00f3 de la cervesa. \">The grain of barley is tapered, thicker in the center and thinner towards the edges, one of its uses is to brewing.<\/span><\/p>\n<p><span title=\"Cal dir que ambd\u00f3s cereals tenen moltes m\u00e9s utilitats ja sigui per consum dels animals o de la humanitat.\">It must be said that both cereals have many more utilities consumption either animal or human.<\/span><\/p>","protected":false},"excerpt":{"rendered":"<p>Has arrived !, it&#8217;s time to enjoy and get the fruit that has worked for almost a year.<br \/>\nIt&#8217;s nice to see how the fields picking the golden color indicates that it is running the maturation of the crop to be harvested and to make the use sees fit depending on the variety of seed that has been sown considered.<br \/>\nWhen we speak of cereal seed we refer, for example, wheat or barley cereals have two very similar but are &#8230;<\/p>\n","protected":false},"author":4,"featured_media":649,"comment_status":"open","ping_status":"open","sticky":false,"template":"","format":"standard","meta":{"ngg_post_thumbnail":0},"categories":[1],"tags":[33,31,53,27,35,36,50,57,138,51,56,64,48,114,116,129,131,58,128,97,34,59,130,39,126,92,93,49,32,127,28,30,139,44,52],"yoast_head":"<!-- This site is optimized with the Yoast SEO plugin v15.7 - https:\/\/yoast.com\/wordpress\/plugins\/seo\/ -->\n<meta name=\"robots\" content=\"index, follow, max-snippet:-1, max-image-preview:large, max-video-preview:-1\" \/>\n<link rel=\"canonical\" href=\"https:\/\/www.casabaluard.com\/temps-de-collita\/\" \/>\n<meta property=\"og:locale\" content=\"en_US\" \/>\n<meta property=\"og:type\" content=\"article\" \/>\n<meta property=\"og:title\" content=\"Harvest time - Casa Rural - Casa Baluard\" \/>\n<meta property=\"og:description\" content=\"Has arrived !, it&#8217;s time to enjoy and get the fruit that has worked for almost a year. It&#8217;s nice to see how the fields picking the golden color indicates that it is running the maturation of the crop to be harvested and to make the use sees fit depending on the variety of seed that has been sown considered. When we speak of cereal seed we refer, for example, wheat or barley cereals have two very similar but are ...\" \/>\n<meta property=\"og:url\" content=\"https:\/\/www.casabaluard.com\/temps-de-collita\/\" \/>\n<meta property=\"og:site_name\" content=\"Casa Rural - Casa Baluard\" \/>\n<meta property=\"article:published_time\" content=\"2021-07-01T21:57:29+00:00\" \/>\n<meta property=\"article:modified_time\" content=\"2021-07-04T14:20:39+00:00\" \/>\n<meta property=\"og:image\" content=\"https:\/\/www.casabaluard.com\/wp-content\/uploads\/Blat-ordi-bloc-turisme-rural-1024x1024.jpg\" \/>\n\t<meta property=\"og:image:width\" content=\"1024\" \/>\n\t<meta property=\"og:image:height\" content=\"1024\" \/>\n<meta name=\"twitter:card\" content=\"summary\" \/>\n<meta name=\"twitter:label1\" content=\"Est. reading time\">\n\t<meta name=\"twitter:data1\" content=\"3 minutes\">\n<script type=\"application\/ld+json\" class=\"yoast-schema-graph\">{\"@context\":\"https:\/\/schema.org\",\"@graph\":[{\"@type\":\"WebSite\",\"@id\":\"https:\/\/www.casabaluard.com\/en\/#website\",\"url\":\"https:\/\/www.casabaluard.com\/en\/\",\"name\":\"Casa Rural - Casa Baluard\",\"description\":\"Casa de Turisme Rural al Bergued\\u00e0\",\"potentialAction\":[{\"@type\":\"SearchAction\",\"target\":\"https:\/\/www.casabaluard.com\/en\/?s={search_term_string}\",\"query-input\":\"required name=search_term_string\"}],\"inLanguage\":\"en-US\"},{\"@type\":\"ImageObject\",\"@id\":\"https:\/\/www.casabaluard.com\/temps-de-collita\/#primaryimage\",\"inLanguage\":\"en-US\",\"url\":\"https:\/\/www.casabaluard.com\/wp-content\/uploads\/Blat-ordi-bloc-turisme-rural.jpg\",\"width\":2000,\"height\":2000,\"caption\":\"Blat-ordi-bloc-turisme rural\"},{\"@type\":\"WebPage\",\"@id\":\"https:\/\/www.casabaluard.com\/temps-de-collita\/#webpage\",\"url\":\"https:\/\/www.casabaluard.com\/temps-de-collita\/\",\"name\":\"Harvest time - Casa Rural - Casa Baluard\",\"isPartOf\":{\"@id\":\"https:\/\/www.casabaluard.com\/en\/#website\"},\"primaryImageOfPage\":{\"@id\":\"https:\/\/www.casabaluard.com\/temps-de-collita\/#primaryimage\"},\"datePublished\":\"2021-07-01T21:57:29+00:00\",\"dateModified\":\"2021-07-04T14:20:39+00:00\",\"author\":{\"@id\":\"https:\/\/www.casabaluard.com\/en\/#\/schema\/person\/05aa10790abc4a1eca9239e65cfa8df1\"},\"inLanguage\":\"en-US\",\"potentialAction\":[{\"@type\":\"ReadAction\",\"target\":[\"https:\/\/www.casabaluard.com\/temps-de-collita\/\"]}]},{\"@type\":\"Person\",\"@id\":\"https:\/\/www.casabaluard.com\/en\/#\/schema\/person\/05aa10790abc4a1eca9239e65cfa8df1\",\"name\":\"M\\u00aa \\u00c0ngels\",\"image\":{\"@type\":\"ImageObject\",\"@id\":\"https:\/\/www.casabaluard.com\/en\/#personlogo\",\"inLanguage\":\"en-US\",\"url\":\"https:\/\/secure.gravatar.com\/avatar\/4cdf057cf6dd14a57d9a4bf064d65cc2?s=96&d=mm&r=g\",\"caption\":\"M\\u00aa \\u00c0ngels\"}}]}<\/script>\n<!-- \/ Yoast SEO plugin. -->","_links":{"self":[{"href":"https:\/\/www.casabaluard.com\/en\/wp-json\/wp\/v2\/posts\/648"}],"collection":[{"href":"https:\/\/www.casabaluard.com\/en\/wp-json\/wp\/v2\/posts"}],"about":[{"href":"https:\/\/www.casabaluard.com\/en\/wp-json\/wp\/v2\/types\/post"}],"author":[{"embeddable":true,"href":"https:\/\/www.casabaluard.com\/en\/wp-json\/wp\/v2\/users\/4"}],"replies":[{"embeddable":true,"href":"https:\/\/www.casabaluard.com\/en\/wp-json\/wp\/v2\/comments?post=648"}],"version-history":[{"count":7,"href":"https:\/\/www.casabaluard.com\/en\/wp-json\/wp\/v2\/posts\/648\/revisions"}],"predecessor-version":[{"id":783,"href":"https:\/\/www.casabaluard.com\/en\/wp-json\/wp\/v2\/posts\/648\/revisions\/783"}],"wp:featuredmedia":[{"embeddable":true,"href":"https:\/\/www.casabaluard.com\/en\/wp-json\/wp\/v2\/media\/649"}],"wp:attachment":[{"href":"https:\/\/www.casabaluard.com\/en\/wp-json\/wp\/v2\/media?parent=648"}],"wp:term":[{"taxonomy":"category","embeddable":true,"href":"https:\/\/www.casabaluard.com\/en\/wp-json\/wp\/v2\/categories?post=648"},{"taxonomy":"post_tag","embeddable":true,"href":"https:\/\/www.casabaluard.com\/en\/wp-json\/wp\/v2\/tags?post=648"}],"curies":[{"name":"wp","href":"https:\/\/api.w.org\/{rel}","templated":true}]}}