{"id":1300,"date":"2023-06-05T10:34:41","date_gmt":"2023-06-05T08:34:41","guid":{"rendered":"https:\/\/www.casabaluard.com\/?p=1300"},"modified":"2023-06-05T15:34:31","modified_gmt":"2023-06-05T13:34:31","slug":"solstici-destiu-a-la-casa-rural","status":"publish","type":"post","link":"https:\/\/www.casabaluard.com\/en\/solstici-destiu-a-la-casa-rural\/","title":{"rendered":"Solstici d&#8217;estiu a la casa rural"},"content":{"rendered":"<p><strong>Solstici d&#8217;estiu<\/strong> \u00e9s un dia molt especial per donar la benvinguda a l&#8217;estiu. \u00c9s el dia m\u00e9s llarg de l&#8217;any i val la pena aprofitar-lo.<\/p>\n<p>A trav\u00e9s de la natura, la llum, la m\u00fasica, el joc, les danses i el grup, es podr\u00e0 fer la connexi\u00f3 amb la puresa de la Natura i l&#8217;alegria de Viure.<\/p>\n<p>Efectivament, la m\u00fasica, les danses, els jocs, els vincles, la natura, la vitalitat, l&#8217;alegria, l&#8217;afectivitat i la pr\u00f2pia llum, far\u00e0 que aquest dia sigui ideal per carregar d&#8217;energia el nostre cos per passar un estiu fant\u00e0stic.<\/p>\n<p>Us oferim de forma \u00fanica passar el 21 de juny a la <strong>casa rural el Baluard de Ferreres<\/strong>, a Olvan la comarca del <strong>Bergued\u00e0<\/strong>. Entrada a les 10:00h del mat\u00ed fins les 22:00h de la nit. Resumint, conv\u00e9 destacar que podreu gaudir tot el dia de la casa, a m\u00e9s, de les instal\u00b7lacions exteriors com: <a href=\"https:\/\/www.casabaluard.com\/es\/galeria-de-imagenes\/\">la piscina<\/a>, la barbacoa, el minigolf, les rutes per gaudir de la natura &#8230; i el final del dia vindr\u00e0 la Cristina a fer una sessi\u00f3 de <strong>Biodansa<\/strong>, de 18:30h a 21:00h per celebrar el <a href=\"https:\/\/beteve.cat\/medi-ambient\/quan-comenca-estiu\/\">Solstici d&#8217;estiu<\/a>.<\/p>\n<p>El grup ha de ser preferiblement per 7 persones i el preu total \u00e9s 375 euros.<\/p>\n<p>Us animeu?? Envieu un correu electr\u00f2nic a info@casabaluard.com per m\u00e9s informaci\u00f3.<\/p>\n<p>Per acabar, el per\u00edode d&#8217;inscripci\u00f3 per aquesta experi\u00e8ncia \u00e9s des del 5 de juny fins el 15 de juny. Val la pena dir que \u00e9s una bona oportunitat per gaudir-ho amb el vostre grup el solstici d&#8217;estiu. La Cristina \u00e9s una molt bona professional, qui fa una sessi\u00f3 dirigida per ella voldr\u00e0 repetir.<\/p>\n<style type=\"text\/css\">\n\t\t\t#gallery-2 {\n\t\t\t\tmargin: auto;\n\t\t\t}\n\t\t\t#gallery-2 .gallery-item {\n\t\t\t\tfloat: left;\n\t\t\t\tmargin-top: 10px;\n\t\t\t\ttext-align: center;\n\t\t\t\twidth: 33%;\n\t\t\t}\n\t\t\t#gallery-2 img {\n\t\t\t\tborder: 2px solid #cfcfcf;\n\t\t\t}\n\t\t\t#gallery-2 .gallery-caption {\n\t\t\t\tmargin-left: 0;\n\t\t\t}\n\t\t\t\/* see gallery_shortcode() in wp-includes\/media.php *\/\n\t\t<\/style>\n<div id='gallery-2' class='gallery galleryid-1300 gallery-columns-3 gallery-size-medium'>\n<dl class='gallery-item'>\n<dt class='gallery-icon landscape'>\n\t\t\t\t<a href='https:\/\/www.casabaluard.com\/en\/solstici-destiu-a-la-casa-rural\/whatsapp-image-2023-06-04-at-15-03-38-1\/'><img width=\"300\" height=\"300\" src=\"https:\/\/www.casabaluard.com\/wp-content\/uploads\/WhatsApp-Image-2023-06-04-at-15.03.38-1-300x300.jpeg\" class=\"attachment-medium size-medium\" alt=\"\" loading=\"lazy\" srcset=\"https:\/\/www.casabaluard.com\/wp-content\/uploads\/WhatsApp-Image-2023-06-04-at-15.03.38-1-300x300.jpeg 300w, https:\/\/www.casabaluard.com\/wp-content\/uploads\/WhatsApp-Image-2023-06-04-at-15.03.38-1-1024x1024.jpeg 1024w, https:\/\/www.casabaluard.com\/wp-content\/uploads\/WhatsApp-Image-2023-06-04-at-15.03.38-1-120x120.jpeg 120w, https:\/\/www.casabaluard.com\/wp-content\/uploads\/WhatsApp-Image-2023-06-04-at-15.03.38-1-71x71.jpeg 71w, https:\/\/www.casabaluard.com\/wp-content\/uploads\/WhatsApp-Image-2023-06-04-at-15.03.38-1-36x36.jpeg 36w, https:\/\/www.casabaluard.com\/wp-content\/uploads\/WhatsApp-Image-2023-06-04-at-15.03.38-1.jpeg 1080w\" sizes=\"(max-width: 300px) 100vw, 300px\" \/><\/a>\n\t\t\t<\/dt>\n<\/dl>\n<dl class='gallery-item'>\n<dt class='gallery-icon landscape'>\n\t\t\t\t<a href='https:\/\/www.casabaluard.com\/en\/solstici-destiu-a-la-casa-rural\/whatsapp-image-2023-06-04-at-15-03-46\/'><img width=\"300\" height=\"300\" src=\"https:\/\/www.casabaluard.com\/wp-content\/uploads\/WhatsApp-Image-2023-06-04-at-15.03.46-300x300.jpeg\" class=\"attachment-medium size-medium\" alt=\"\" loading=\"lazy\" srcset=\"https:\/\/www.casabaluard.com\/wp-content\/uploads\/WhatsApp-Image-2023-06-04-at-15.03.46-300x300.jpeg 300w, https:\/\/www.casabaluard.com\/wp-content\/uploads\/WhatsApp-Image-2023-06-04-at-15.03.46-1024x1024.jpeg 1024w, https:\/\/www.casabaluard.com\/wp-content\/uploads\/WhatsApp-Image-2023-06-04-at-15.03.46-120x120.jpeg 120w, https:\/\/www.casabaluard.com\/wp-content\/uploads\/WhatsApp-Image-2023-06-04-at-15.03.46-71x71.jpeg 71w, https:\/\/www.casabaluard.com\/wp-content\/uploads\/WhatsApp-Image-2023-06-04-at-15.03.46-36x36.jpeg 36w, https:\/\/www.casabaluard.com\/wp-content\/uploads\/WhatsApp-Image-2023-06-04-at-15.03.46.jpeg 1080w\" sizes=\"(max-width: 300px) 100vw, 300px\" \/><\/a>\n\t\t\t<\/dt>\n<\/dl>\n<p>\t\t\t<br style='clear: both' \/>\n\t\t<\/div>\n<p><\/p>","protected":false},"excerpt":{"rendered":"<p>Solstici d&#8217;estiu \u00e9s un dia molt especial per donar la benvinguda a l&#8217;estiu. \u00c9s el dia m\u00e9s llarg de l&#8217;any i val la pena aprofitar-lo.<br \/>\nA trav\u00e9s de la natura, la llum, la m\u00fasica, el joc, les danses i el grup, es podr\u00e0 fer la connexi\u00f3 amb la puresa de la Natura i l&#8217;alegria de Viure.<br \/>\nEfectivament, la m\u00fasica, les danses, els jocs, els vincles, la natura, la vitalitat, l&#8217;alegria, l&#8217;afectivitat i la pr\u00f2pia llum, far\u00e0 que aquest dia sigui &#8230;<\/p>\n","protected":false},"author":4,"featured_media":1316,"comment_status":"open","ping_status":"open","sticky":false,"template":"","format":"standard","meta":{"ngg_post_thumbnail":0},"categories":[1],"tags":[27,57,144,143],"yoast_head":"<!-- This site is optimized with the Yoast SEO plugin v15.7 - https:\/\/yoast.com\/wordpress\/plugins\/seo\/ -->\n<meta name=\"description\" content=\"(Catal\u00e0) Passa el solstici d&#039;estiu a la casa rural el Baluard de Ferreres amb una sessi\u00f3 de Biodansa. Viu un dia especial al Bergued\u00e0\" \/>\n<meta name=\"robots\" content=\"index, follow, max-snippet:-1, max-image-preview:large, max-video-preview:-1\" \/>\n<link rel=\"canonical\" href=\"https:\/\/www.casabaluard.com\/solstici-destiu-a-la-casa-rural\/\" \/>\n<meta property=\"og:locale\" content=\"en_US\" \/>\n<meta property=\"og:type\" content=\"article\" \/>\n<meta property=\"og:title\" content=\"Solstici d&#039;estiu a la casa rural - Casa Rural - Casa Baluard\" \/>\n<meta property=\"og:description\" content=\"{:ca}Passa el solstici d&#039;estiu a la casa rural el Baluard de Ferreres amb una sessi\u00f3 de Biodansa. Viu un dia especial al Bergued\u00e0{:}\" \/>\n<meta property=\"og:url\" content=\"https:\/\/www.casabaluard.com\/solstici-destiu-a-la-casa-rural\/\" \/>\n<meta property=\"og:site_name\" content=\"Casa Rural - Casa Baluard\" \/>\n<meta property=\"article:published_time\" content=\"2023-06-05T08:34:41+00:00\" \/>\n<meta property=\"article:modified_time\" content=\"2023-06-05T13:34:31+00:00\" \/>\n<meta property=\"og:image\" content=\"https:\/\/www.casabaluard.com\/wp-content\/uploads\/Solstici-casarural.png\" \/>\n\t<meta property=\"og:image:width\" content=\"1200\" \/>\n\t<meta property=\"og:image:height\" content=\"628\" \/>\n<meta name=\"twitter:card\" content=\"summary\" \/>\n<meta name=\"twitter:label1\" content=\"Est. reading time\">\n\t<meta name=\"twitter:data1\" content=\"2 minutes\">\n<script type=\"application\/ld+json\" class=\"yoast-schema-graph\">{\"@context\":\"https:\/\/schema.org\",\"@graph\":[{\"@type\":\"WebSite\",\"@id\":\"https:\/\/www.casabaluard.com\/en\/#website\",\"url\":\"https:\/\/www.casabaluard.com\/en\/\",\"name\":\"Casa Rural - Casa Baluard\",\"description\":\"Casa de Turisme Rural al Bergued\\u00e0\",\"potentialAction\":[{\"@type\":\"SearchAction\",\"target\":\"https:\/\/www.casabaluard.com\/en\/?s={search_term_string}\",\"query-input\":\"required name=search_term_string\"}],\"inLanguage\":\"en-US\"},{\"@type\":\"ImageObject\",\"@id\":\"https:\/\/www.casabaluard.com\/solstici-destiu-a-la-casa-rural\/#primaryimage\",\"inLanguage\":\"en-US\",\"url\":\"https:\/\/www.casabaluard.com\/wp-content\/uploads\/Solstici-casarural.png\",\"width\":1200,\"height\":628,\"caption\":\"Solstici\"},{\"@type\":\"WebPage\",\"@id\":\"https:\/\/www.casabaluard.com\/solstici-destiu-a-la-casa-rural\/#webpage\",\"url\":\"https:\/\/www.casabaluard.com\/solstici-destiu-a-la-casa-rural\/\",\"name\":\"Solstici d'estiu a la casa rural - Casa Rural - Casa Baluard\",\"isPartOf\":{\"@id\":\"https:\/\/www.casabaluard.com\/en\/#website\"},\"primaryImageOfPage\":{\"@id\":\"https:\/\/www.casabaluard.com\/solstici-destiu-a-la-casa-rural\/#primaryimage\"},\"datePublished\":\"2023-06-05T08:34:41+00:00\",\"dateModified\":\"2023-06-05T13:34:31+00:00\",\"author\":{\"@id\":\"https:\/\/www.casabaluard.com\/en\/#\/schema\/person\/05aa10790abc4a1eca9239e65cfa8df1\"},\"description\":\"{:ca}Passa el solstici d'estiu a la casa rural el Baluard de Ferreres amb una sessi\\u00f3 de Biodansa. Viu un dia especial al Bergued\\u00e0{:}\",\"inLanguage\":\"en-US\",\"potentialAction\":[{\"@type\":\"ReadAction\",\"target\":[\"https:\/\/www.casabaluard.com\/solstici-destiu-a-la-casa-rural\/\"]}]},{\"@type\":\"Person\",\"@id\":\"https:\/\/www.casabaluard.com\/en\/#\/schema\/person\/05aa10790abc4a1eca9239e65cfa8df1\",\"name\":\"M\\u00aa \\u00c0ngels\",\"image\":{\"@type\":\"ImageObject\",\"@id\":\"https:\/\/www.casabaluard.com\/en\/#personlogo\",\"inLanguage\":\"en-US\",\"url\":\"https:\/\/secure.gravatar.com\/avatar\/4cdf057cf6dd14a57d9a4bf064d65cc2?s=96&d=mm&r=g\",\"caption\":\"M\\u00aa \\u00c0ngels\"}}]}<\/script>\n<!-- \/ Yoast SEO plugin. -->","_links":{"self":[{"href":"https:\/\/www.casabaluard.com\/en\/wp-json\/wp\/v2\/posts\/1300"}],"collection":[{"href":"https:\/\/www.casabaluard.com\/en\/wp-json\/wp\/v2\/posts"}],"about":[{"href":"https:\/\/www.casabaluard.com\/en\/wp-json\/wp\/v2\/types\/post"}],"author":[{"embeddable":true,"href":"https:\/\/www.casabaluard.com\/en\/wp-json\/wp\/v2\/users\/4"}],"replies":[{"embeddable":true,"href":"https:\/\/www.casabaluard.com\/en\/wp-json\/wp\/v2\/comments?post=1300"}],"version-history":[{"count":7,"href":"https:\/\/www.casabaluard.com\/en\/wp-json\/wp\/v2\/posts\/1300\/revisions"}],"predecessor-version":[{"id":1309,"href":"https:\/\/www.casabaluard.com\/en\/wp-json\/wp\/v2\/posts\/1300\/revisions\/1309"}],"wp:featuredmedia":[{"embeddable":true,"href":"https:\/\/www.casabaluard.com\/en\/wp-json\/wp\/v2\/media\/1316"}],"wp:attachment":[{"href":"https:\/\/www.casabaluard.com\/en\/wp-json\/wp\/v2\/media?parent=1300"}],"wp:term":[{"taxonomy":"category","embeddable":true,"href":"https:\/\/www.casabaluard.com\/en\/wp-json\/wp\/v2\/categories?post=1300"},{"taxonomy":"post_tag","embeddable":true,"href":"https:\/\/www.casabaluard.com\/en\/wp-json\/wp\/v2\/tags?post=1300"}],"curies":[{"name":"wp","href":"https:\/\/api.w.org\/{rel}","templated":true}]}}